{"id":13533,"date":"2020-04-16T21:37:05","date_gmt":"2020-04-16T20:37:05","guid":{"rendered":"https:\/\/vezendi.com\/mi-libro-awake-arise-or-be-forever-fallen-quedo-finalista-en-los-spr-book-awards-2019\/"},"modified":"2020-04-16T21:41:12","modified_gmt":"2020-04-16T20:41:12","slug":"mi-libro-awake-arise-or-be-forever-fallen-quedo-finalista-en-los-spr-book-awards-2019","status":"publish","type":"post","link":"https:\/\/vezendi.com\/es\/mi-libro-awake-arise-or-be-forever-fallen-quedo-finalista-en-los-spr-book-awards-2019\/","title":{"rendered":"Mi libro Awake, Arise, or be Forever Fallen! finalista en los SPR Book Awards 2019"},"content":{"rendered":"<h2><em>Awake, Arise, or be Forever Fallen!<\/em> finalista en los SPR Book Awards 2019<\/h2>\n<p>&nbsp;<\/p>\n<p><a href=\"https:\/\/amazon.com\/author\/alberto.vezendi\" target=\"_blank\" rel=\"noopener noreferrer\"><img data-recalc-dims=\"1\" loading=\"lazy\" decoding=\"async\" class=\"aligncenter wp-image-13529\" src=\"https:\/\/i0.wp.com\/vezendi.com\/wp-content\/uploads\/2020\/04\/SPRAWARDS2019print.jpg?resize=634%2C317&#038;ssl=1\" alt=\"SPRAWARDS2019\" width=\"634\" height=\"317\" srcset=\"https:\/\/i0.wp.com\/vezendi.com\/wp-content\/uploads\/2020\/04\/SPRAWARDS2019print.jpg?resize=300%2C150&amp;ssl=1 300w, https:\/\/i0.wp.com\/vezendi.com\/wp-content\/uploads\/2020\/04\/SPRAWARDS2019print.jpg?resize=768%2C384&amp;ssl=1 768w, https:\/\/i0.wp.com\/vezendi.com\/wp-content\/uploads\/2020\/04\/SPRAWARDS2019print.jpg?resize=570%2C285&amp;ssl=1 570w, https:\/\/i0.wp.com\/vezendi.com\/wp-content\/uploads\/2020\/04\/SPRAWARDS2019print.jpg?w=839&amp;ssl=1 839w\" sizes=\"auto, (max-width: 634px) 100vw, 634px\" \/><\/a><\/p>\n<blockquote>\n<h3>\u00a1Me alegra anunciar que mi libro <a href=\"https:\/\/amazon.com\/author\/alberto.vezendi\" target=\"_blank\" rel=\"noopener noreferrer\"><em><strong>Awake, Arise o Be Forever Fallen!<\/strong><\/em><\/a> ha sido elegido entre los finalistas en los SPR Book Awards 2019!<\/h3>\n<\/blockquote>\n<p>&nbsp;<\/p>\n<p><a href=\"https:\/\/amazon.com\/author\/alberto.vezendi\" target=\"_blank\" rel=\"noopener noreferrer\"><img data-recalc-dims=\"1\" loading=\"lazy\" decoding=\"async\" class=\"alignleft wp-image-13527\" src=\"https:\/\/i0.wp.com\/vezendi.com\/wp-content\/uploads\/2020\/04\/Awake_arise_cover-amazon-bestseller-SPR-finalist-badges.jpg?resize=177%2C282&#038;ssl=1\" alt=\"Awake_arise_cover -amazon bestseller + insignias finalistas SPR\" width=\"177\" height=\"282\" srcset=\"https:\/\/i0.wp.com\/vezendi.com\/wp-content\/uploads\/2020\/04\/Awake_arise_cover-amazon-bestseller-SPR-finalist-badges-scaled.jpg?resize=188%2C300&amp;ssl=1 188w, https:\/\/i0.wp.com\/vezendi.com\/wp-content\/uploads\/2020\/04\/Awake_arise_cover-amazon-bestseller-SPR-finalist-badges-scaled.jpg?resize=640%2C1024&amp;ssl=1 640w, https:\/\/i0.wp.com\/vezendi.com\/wp-content\/uploads\/2020\/04\/Awake_arise_cover-amazon-bestseller-SPR-finalist-badges-scaled.jpg?resize=768%2C1229&amp;ssl=1 768w, https:\/\/i0.wp.com\/vezendi.com\/wp-content\/uploads\/2020\/04\/Awake_arise_cover-amazon-bestseller-SPR-finalist-badges-scaled.jpg?resize=960%2C1536&amp;ssl=1 960w, https:\/\/i0.wp.com\/vezendi.com\/wp-content\/uploads\/2020\/04\/Awake_arise_cover-amazon-bestseller-SPR-finalist-badges-scaled.jpg?resize=1280%2C2048&amp;ssl=1 1280w, https:\/\/i0.wp.com\/vezendi.com\/wp-content\/uploads\/2020\/04\/Awake_arise_cover-amazon-bestseller-SPR-finalist-badges-scaled.jpg?w=1600&amp;ssl=1 1600w\" sizes=\"auto, (max-width: 177px) 100vw, 177px\" \/><\/a><\/p>\n<p>Desde sus inicios, el significado m\u00e1s profundo de <em>Awake, Arise, or be Forever Fallen!<\/em> era ayudar a las personas a elegir la vida sobre la muerte en todas las circunstancias, y elegir la vida no s\u00f3lo como la preservaci\u00f3n de nuestra existencia biol\u00f3gica, sino la elecci\u00f3n deliberada de vivir plenamente cada segundo de nuestras vidas.<\/p>\n<p>En menos de un a\u00f1o, tres personas que conoc\u00eda bien pusieron fin a sus vidas. Y aunque cada uno de ellos ten\u00eda una personalidad diferente, viv\u00eda en un pa\u00eds distinto y ten\u00eda sus propias circunstancias particulares, los tres ten\u00edan varias cosas en com\u00fan. Todos eran grandes personas, inteligentes, llenas de vida, y a ninguno de ellos le faltaba ninguno de los elementos esenciales para vivir una vida feliz. Ten\u00edan familias maravillosas, un buen trabajo, buena salud, y ten\u00edan toda la libertad del mundo para cambiar sus circunstancias, en lugar de dar un paso irreversible. Y sin embargo, eso es lo que hicieron.<\/p>\n<p>Dado que algunas personas que parecen tener todo en la vida eligen morir, mientras que otras que no tienen nada eligen sobrevivir contra todo pron\u00f3stico, el prop\u00f3sito de la vida no puede residir en las circunstancias, posesiones o relaciones de una persona, sino en otro lugar. Y ese \u00abotro lugar\u00bb s\u00f3lo puede estar dentro de nosotros. El prop\u00f3sito de la vida, por lo tanto, ha de ser inherente a todo ser humano.<\/p>\n<p>Todos estamos aqu\u00ed por una raz\u00f3n. Cada manifestaci\u00f3n de vida en la tierra tiene un significado m\u00e1s profundo, que hace que valga la pena vivir a pesar de toda adversidad. \u00a1Pero tenemos que encontrar ese significado!<\/p>\n<p>Habiendo tenido tendencias suicidas, s\u00e9 que la elecci\u00f3n no siempre es f\u00e1cil. Pero <em>vale <\/em>la pena vivir; y habiendo elegido la vida cada vez, nunca me he arrepentido de mi elecci\u00f3n. Al contrario. Me habr\u00eda perdido tantos d\u00edas maravillosos de pura felicidad, tantas horas dichosas, tantas experiencias enriquecedoras&#8230; en resumen, me habr\u00eda perdido toda la belleza y la magia de este regalo que llamamos vida.<\/p>\n","protected":false},"excerpt":{"rendered":"<p>Awake, Arise, or be Forever Fallen! finalista en los SPR Book Awards 2019 &nbsp; \u00a1Me alegra anunciar que mi libro Awake, Arise o Be Forever Fallen! ha sido elegido entre los finalistas en los SPR Book Awards 2019! &nbsp; Desde sus inicios, el significado m\u00e1s profundo de Awake, Arise, or be Forever Fallen! era ayudar<\/p>\n<p class=\"more-link\"><a href=\"https:\/\/vezendi.com\/es\/mi-libro-awake-arise-or-be-forever-fallen-quedo-finalista-en-los-spr-book-awards-2019\/\" class=\"themebutton\">Sigue leyendo<\/a><\/p>\n","protected":false},"author":1,"featured_media":13530,"comment_status":"open","ping_status":"closed","sticky":false,"template":"","format":"standard","meta":{"jetpack_post_was_ever_published":false,"_jetpack_newsletter_access":"","_jetpack_dont_email_post_to_subs":false,"_jetpack_newsletter_tier_id":0,"_jetpack_memberships_contains_paywalled_content":false,"_jetpack_memberships_contains_paid_content":false,"footnotes":"","jetpack_publicize_message":"","jetpack_publicize_feature_enabled":true,"jetpack_social_post_already_shared":true,"jetpack_social_options":{"image_generator_settings":{"template":"highway","enabled":false},"version":2}},"categories":[56],"tags":[94,173,172,161,236,174,235,234],"class_list":["post-13533","post","type-post","status-publish","format-standard","has-post-thumbnail","hentry","category-mislibros","tag-alberto-vezendi-es","tag-arise-es","tag-awake-es","tag-best-seller-es","tag-finalista","tag-or-be-forever-fallen-es","tag-premio-del-libro","tag-premios-spr-book"],"jetpack_publicize_connections":[],"yoast_head":"<!-- This site is optimized with the Yoast SEO plugin v22.7 - https:\/\/yoast.com\/wordpress\/plugins\/seo\/ -->\n<title>Mi libro Awake, Arise, or be Forever Fallen! finalista en los SPR Book Awards 2019 - VEZENDI<\/title>\n<meta name=\"robots\" content=\"index, follow, max-snippet:-1, max-image-preview:large, max-video-preview:-1\" \/>\n<link rel=\"canonical\" href=\"https:\/\/vezendi.com\/es\/mi-libro-awake-arise-or-be-forever-fallen-quedo-finalista-en-los-spr-book-awards-2019\/\" \/>\n<meta property=\"og:locale\" content=\"es_ES\" \/>\n<meta property=\"og:type\" content=\"article\" \/>\n<meta property=\"og:title\" content=\"Mi libro Awake, Arise, or be Forever Fallen! finalista en los SPR Book Awards 2019 - VEZENDI\" \/>\n<meta property=\"og:description\" content=\"Awake, Arise, or be Forever Fallen! finalista en los SPR Book Awards 2019 &nbsp; \u00a1Me alegra anunciar que mi libro Awake, Arise o Be Forever Fallen! ha sido elegido entre los finalistas en los SPR Book Awards 2019! &nbsp; Desde sus inicios, el significado m\u00e1s profundo de Awake, Arise, or be Forever Fallen! era ayudarSigue leyendo\" \/>\n<meta property=\"og:url\" content=\"https:\/\/vezendi.com\/es\/mi-libro-awake-arise-or-be-forever-fallen-quedo-finalista-en-los-spr-book-awards-2019\/\" \/>\n<meta property=\"og:site_name\" content=\"VEZENDI\" \/>\n<meta property=\"article:publisher\" content=\"https:\/\/www.facebook.com\/VezendiBooks\" \/>\n<meta property=\"article:published_time\" content=\"2020-04-16T20:37:05+00:00\" \/>\n<meta property=\"article:modified_time\" content=\"2020-04-16T20:41:12+00:00\" \/>\n<meta property=\"og:image\" content=\"https:\/\/i0.wp.com\/vezendi.com\/wp-content\/uploads\/2020\/04\/SPRAWARDS2019print.jpg?fit=839%2C419&ssl=1\" \/>\n\t<meta property=\"og:image:width\" content=\"839\" \/>\n\t<meta property=\"og:image:height\" content=\"419\" \/>\n\t<meta property=\"og:image:type\" content=\"image\/jpeg\" \/>\n<meta name=\"author\" content=\"Vezendi\" \/>\n<meta name=\"twitter:card\" content=\"summary_large_image\" \/>\n<meta name=\"twitter:creator\" content=\"@AVezendi\" \/>\n<meta name=\"twitter:site\" content=\"@AVezendi\" \/>\n<meta name=\"twitter:label1\" content=\"Escrito por\" \/>\n\t<meta name=\"twitter:data1\" content=\"Vezendi\" \/>\n\t<meta name=\"twitter:label2\" content=\"Tiempo de lectura\" \/>\n\t<meta name=\"twitter:data2\" content=\"2 minutos\" \/>\n<script type=\"application\/ld+json\" class=\"yoast-schema-graph\">{\"@context\":\"https:\/\/schema.org\",\"@graph\":[{\"@type\":\"WebPage\",\"@id\":\"https:\/\/vezendi.com\/es\/mi-libro-awake-arise-or-be-forever-fallen-quedo-finalista-en-los-spr-book-awards-2019\/\",\"url\":\"https:\/\/vezendi.com\/es\/mi-libro-awake-arise-or-be-forever-fallen-quedo-finalista-en-los-spr-book-awards-2019\/\",\"name\":\"Mi libro Awake, Arise, or be Forever Fallen! finalista en los SPR Book Awards 2019 - VEZENDI\",\"isPartOf\":{\"@id\":\"https:\/\/aliceblue-seahorse-584180.hostingersite.com\/#website\"},\"primaryImageOfPage\":{\"@id\":\"https:\/\/vezendi.com\/es\/mi-libro-awake-arise-or-be-forever-fallen-quedo-finalista-en-los-spr-book-awards-2019\/#primaryimage\"},\"image\":{\"@id\":\"https:\/\/vezendi.com\/es\/mi-libro-awake-arise-or-be-forever-fallen-quedo-finalista-en-los-spr-book-awards-2019\/#primaryimage\"},\"thumbnailUrl\":\"https:\/\/i0.wp.com\/vezendi.com\/wp-content\/uploads\/2020\/04\/SPRAWARDS2019print.jpg?fit=839%2C419&ssl=1\",\"datePublished\":\"2020-04-16T20:37:05+00:00\",\"dateModified\":\"2020-04-16T20:41:12+00:00\",\"author\":{\"@id\":\"https:\/\/aliceblue-seahorse-584180.hostingersite.com\/#\/schema\/person\/fb2fb3d503c339dc50c89690dc1f214a\"},\"breadcrumb\":{\"@id\":\"https:\/\/vezendi.com\/es\/mi-libro-awake-arise-or-be-forever-fallen-quedo-finalista-en-los-spr-book-awards-2019\/#breadcrumb\"},\"inLanguage\":\"es\",\"potentialAction\":[{\"@type\":\"ReadAction\",\"target\":[\"https:\/\/vezendi.com\/es\/mi-libro-awake-arise-or-be-forever-fallen-quedo-finalista-en-los-spr-book-awards-2019\/\"]}]},{\"@type\":\"ImageObject\",\"inLanguage\":\"es\",\"@id\":\"https:\/\/vezendi.com\/es\/mi-libro-awake-arise-or-be-forever-fallen-quedo-finalista-en-los-spr-book-awards-2019\/#primaryimage\",\"url\":\"https:\/\/i0.wp.com\/vezendi.com\/wp-content\/uploads\/2020\/04\/SPRAWARDS2019print.jpg?fit=839%2C419&ssl=1\",\"contentUrl\":\"https:\/\/i0.wp.com\/vezendi.com\/wp-content\/uploads\/2020\/04\/SPRAWARDS2019print.jpg?fit=839%2C419&ssl=1\",\"width\":839,\"height\":419,\"caption\":\"SPRAWARDS2019\"},{\"@type\":\"BreadcrumbList\",\"@id\":\"https:\/\/vezendi.com\/es\/mi-libro-awake-arise-or-be-forever-fallen-quedo-finalista-en-los-spr-book-awards-2019\/#breadcrumb\",\"itemListElement\":[{\"@type\":\"ListItem\",\"position\":1,\"name\":\"Portada\",\"item\":\"https:\/\/aliceblue-seahorse-584180.hostingersite.com\/\"},{\"@type\":\"ListItem\",\"position\":2,\"name\":\"Mi libro Awake, Arise, or be Forever Fallen! finalista en los SPR Book Awards 2019\"}]},{\"@type\":\"WebSite\",\"@id\":\"https:\/\/aliceblue-seahorse-584180.hostingersite.com\/#website\",\"url\":\"https:\/\/aliceblue-seahorse-584180.hostingersite.com\/\",\"name\":\"VEZENDI\",\"description\":\"Share the freedom!\",\"potentialAction\":[{\"@type\":\"SearchAction\",\"target\":{\"@type\":\"EntryPoint\",\"urlTemplate\":\"https:\/\/aliceblue-seahorse-584180.hostingersite.com\/?s={search_term_string}\"},\"query-input\":\"required name=search_term_string\"}],\"inLanguage\":\"es\"},{\"@type\":\"Person\",\"@id\":\"https:\/\/aliceblue-seahorse-584180.hostingersite.com\/#\/schema\/person\/fb2fb3d503c339dc50c89690dc1f214a\",\"name\":\"Vezendi\",\"image\":{\"@type\":\"ImageObject\",\"inLanguage\":\"es\",\"@id\":\"https:\/\/aliceblue-seahorse-584180.hostingersite.com\/#\/schema\/person\/image\/\",\"url\":\"https:\/\/secure.gravatar.com\/avatar\/6f056245750125b29a556bfd9bd47b2ace5be683f828e992ecd8d837342407e1?s=96&d=mm&r=g\",\"contentUrl\":\"https:\/\/secure.gravatar.com\/avatar\/6f056245750125b29a556bfd9bd47b2ace5be683f828e992ecd8d837342407e1?s=96&d=mm&r=g\",\"caption\":\"Vezendi\"},\"description\":\"Alberto Vezendi, writer, freethinker and photographer. Of Hungarian origin, he arrived in Spain in the late 1970s at the age of six. A citizen of the world, in his teens he spent his summers travelling around Europe. He left Spain after finishing his university studies with a master's degree and settled in Paris. There he started a career as a conference interpreter that would take him all around the world. For the next fifteen years, his life was divided between four countries until in 2013 he landed on the serene shores of Lake Geneva. Some years ago, after twenty years of being somebody else\u2019s voice, Alberto Vezendi decided to be his own and embarked on a new journey as a writer and photographer.\",\"sameAs\":[\"https:\/\/vezendi.com\"],\"url\":\"https:\/\/vezendi.com\/es\/author\/vezendi\/\"}]}<\/script>\n<!-- \/ Yoast SEO plugin. -->","yoast_head_json":{"title":"Mi libro Awake, Arise, or be Forever Fallen! finalista en los SPR Book Awards 2019 - VEZENDI","robots":{"index":"index","follow":"follow","max-snippet":"max-snippet:-1","max-image-preview":"max-image-preview:large","max-video-preview":"max-video-preview:-1"},"canonical":"https:\/\/vezendi.com\/es\/mi-libro-awake-arise-or-be-forever-fallen-quedo-finalista-en-los-spr-book-awards-2019\/","og_locale":"es_ES","og_type":"article","og_title":"Mi libro Awake, Arise, or be Forever Fallen! finalista en los SPR Book Awards 2019 - VEZENDI","og_description":"Awake, Arise, or be Forever Fallen! finalista en los SPR Book Awards 2019 &nbsp; \u00a1Me alegra anunciar que mi libro Awake, Arise o Be Forever Fallen! ha sido elegido entre los finalistas en los SPR Book Awards 2019! &nbsp; Desde sus inicios, el significado m\u00e1s profundo de Awake, Arise, or be Forever Fallen! era ayudarSigue leyendo","og_url":"https:\/\/vezendi.com\/es\/mi-libro-awake-arise-or-be-forever-fallen-quedo-finalista-en-los-spr-book-awards-2019\/","og_site_name":"VEZENDI","article_publisher":"https:\/\/www.facebook.com\/VezendiBooks","article_published_time":"2020-04-16T20:37:05+00:00","article_modified_time":"2020-04-16T20:41:12+00:00","og_image":[{"width":839,"height":419,"url":"https:\/\/i0.wp.com\/vezendi.com\/wp-content\/uploads\/2020\/04\/SPRAWARDS2019print.jpg?fit=839%2C419&ssl=1","type":"image\/jpeg"}],"author":"Vezendi","twitter_card":"summary_large_image","twitter_creator":"@AVezendi","twitter_site":"@AVezendi","twitter_misc":{"Escrito por":"Vezendi","Tiempo de lectura":"2 minutos"},"schema":{"@context":"https:\/\/schema.org","@graph":[{"@type":"WebPage","@id":"https:\/\/vezendi.com\/es\/mi-libro-awake-arise-or-be-forever-fallen-quedo-finalista-en-los-spr-book-awards-2019\/","url":"https:\/\/vezendi.com\/es\/mi-libro-awake-arise-or-be-forever-fallen-quedo-finalista-en-los-spr-book-awards-2019\/","name":"Mi libro Awake, Arise, or be Forever Fallen! finalista en los SPR Book Awards 2019 - VEZENDI","isPartOf":{"@id":"https:\/\/aliceblue-seahorse-584180.hostingersite.com\/#website"},"primaryImageOfPage":{"@id":"https:\/\/vezendi.com\/es\/mi-libro-awake-arise-or-be-forever-fallen-quedo-finalista-en-los-spr-book-awards-2019\/#primaryimage"},"image":{"@id":"https:\/\/vezendi.com\/es\/mi-libro-awake-arise-or-be-forever-fallen-quedo-finalista-en-los-spr-book-awards-2019\/#primaryimage"},"thumbnailUrl":"https:\/\/i0.wp.com\/vezendi.com\/wp-content\/uploads\/2020\/04\/SPRAWARDS2019print.jpg?fit=839%2C419&ssl=1","datePublished":"2020-04-16T20:37:05+00:00","dateModified":"2020-04-16T20:41:12+00:00","author":{"@id":"https:\/\/aliceblue-seahorse-584180.hostingersite.com\/#\/schema\/person\/fb2fb3d503c339dc50c89690dc1f214a"},"breadcrumb":{"@id":"https:\/\/vezendi.com\/es\/mi-libro-awake-arise-or-be-forever-fallen-quedo-finalista-en-los-spr-book-awards-2019\/#breadcrumb"},"inLanguage":"es","potentialAction":[{"@type":"ReadAction","target":["https:\/\/vezendi.com\/es\/mi-libro-awake-arise-or-be-forever-fallen-quedo-finalista-en-los-spr-book-awards-2019\/"]}]},{"@type":"ImageObject","inLanguage":"es","@id":"https:\/\/vezendi.com\/es\/mi-libro-awake-arise-or-be-forever-fallen-quedo-finalista-en-los-spr-book-awards-2019\/#primaryimage","url":"https:\/\/i0.wp.com\/vezendi.com\/wp-content\/uploads\/2020\/04\/SPRAWARDS2019print.jpg?fit=839%2C419&ssl=1","contentUrl":"https:\/\/i0.wp.com\/vezendi.com\/wp-content\/uploads\/2020\/04\/SPRAWARDS2019print.jpg?fit=839%2C419&ssl=1","width":839,"height":419,"caption":"SPRAWARDS2019"},{"@type":"BreadcrumbList","@id":"https:\/\/vezendi.com\/es\/mi-libro-awake-arise-or-be-forever-fallen-quedo-finalista-en-los-spr-book-awards-2019\/#breadcrumb","itemListElement":[{"@type":"ListItem","position":1,"name":"Portada","item":"https:\/\/aliceblue-seahorse-584180.hostingersite.com\/"},{"@type":"ListItem","position":2,"name":"Mi libro Awake, Arise, or be Forever Fallen! finalista en los SPR Book Awards 2019"}]},{"@type":"WebSite","@id":"https:\/\/aliceblue-seahorse-584180.hostingersite.com\/#website","url":"https:\/\/aliceblue-seahorse-584180.hostingersite.com\/","name":"VEZENDI","description":"Share the freedom!","potentialAction":[{"@type":"SearchAction","target":{"@type":"EntryPoint","urlTemplate":"https:\/\/aliceblue-seahorse-584180.hostingersite.com\/?s={search_term_string}"},"query-input":"required name=search_term_string"}],"inLanguage":"es"},{"@type":"Person","@id":"https:\/\/aliceblue-seahorse-584180.hostingersite.com\/#\/schema\/person\/fb2fb3d503c339dc50c89690dc1f214a","name":"Vezendi","image":{"@type":"ImageObject","inLanguage":"es","@id":"https:\/\/aliceblue-seahorse-584180.hostingersite.com\/#\/schema\/person\/image\/","url":"https:\/\/secure.gravatar.com\/avatar\/6f056245750125b29a556bfd9bd47b2ace5be683f828e992ecd8d837342407e1?s=96&d=mm&r=g","contentUrl":"https:\/\/secure.gravatar.com\/avatar\/6f056245750125b29a556bfd9bd47b2ace5be683f828e992ecd8d837342407e1?s=96&d=mm&r=g","caption":"Vezendi"},"description":"Alberto Vezendi, writer, freethinker and photographer. Of Hungarian origin, he arrived in Spain in the late 1970s at the age of six. A citizen of the world, in his teens he spent his summers travelling around Europe. He left Spain after finishing his university studies with a master's degree and settled in Paris. There he started a career as a conference interpreter that would take him all around the world. For the next fifteen years, his life was divided between four countries until in 2013 he landed on the serene shores of Lake Geneva. Some years ago, after twenty years of being somebody else\u2019s voice, Alberto Vezendi decided to be his own and embarked on a new journey as a writer and photographer.","sameAs":["https:\/\/vezendi.com"],"url":"https:\/\/vezendi.com\/es\/author\/vezendi\/"}]}},"jetpack_featured_media_url":"https:\/\/i0.wp.com\/vezendi.com\/wp-content\/uploads\/2020\/04\/SPRAWARDS2019print.jpg?fit=839%2C419&ssl=1","jetpack_sharing_enabled":true,"jetpack_shortlink":"https:\/\/wp.me\/parTtp-3wh","_links":{"self":[{"href":"https:\/\/vezendi.com\/es\/wp-json\/wp\/v2\/posts\/13533","targetHints":{"allow":["GET"]}}],"collection":[{"href":"https:\/\/vezendi.com\/es\/wp-json\/wp\/v2\/posts"}],"about":[{"href":"https:\/\/vezendi.com\/es\/wp-json\/wp\/v2\/types\/post"}],"author":[{"embeddable":true,"href":"https:\/\/vezendi.com\/es\/wp-json\/wp\/v2\/users\/1"}],"replies":[{"embeddable":true,"href":"https:\/\/vezendi.com\/es\/wp-json\/wp\/v2\/comments?post=13533"}],"version-history":[{"count":3,"href":"https:\/\/vezendi.com\/es\/wp-json\/wp\/v2\/posts\/13533\/revisions"}],"predecessor-version":[{"id":13536,"href":"https:\/\/vezendi.com\/es\/wp-json\/wp\/v2\/posts\/13533\/revisions\/13536"}],"wp:featuredmedia":[{"embeddable":true,"href":"https:\/\/vezendi.com\/es\/wp-json\/wp\/v2\/media\/13530"}],"wp:attachment":[{"href":"https:\/\/vezendi.com\/es\/wp-json\/wp\/v2\/media?parent=13533"}],"wp:term":[{"taxonomy":"category","embeddable":true,"href":"https:\/\/vezendi.com\/es\/wp-json\/wp\/v2\/categories?post=13533"},{"taxonomy":"post_tag","embeddable":true,"href":"https:\/\/vezendi.com\/es\/wp-json\/wp\/v2\/tags?post=13533"}],"curies":[{"name":"wp","href":"https:\/\/api.w.org\/{rel}","templated":true}]}}